{"id":1454,"date":"2026-08-28T20:25:13","date_gmt":"2026-08-28T18:25:13","guid":{"rendered":"https:\/\/bright.es\/?p=1454"},"modified":"2026-09-01T09:26:39","modified_gmt":"2026-09-01T07:26:39","slug":"cuanto-cuesta-formacion-idiomas-empresas","status":"publish","type":"post","link":"https:\/\/bright.es\/en\/cuanto-cuesta-formacion-idiomas-empresas\/","title":{"rendered":"Cu\u00e1nto cuesta la formaci\u00f3n de idiomas para empresas: qu\u00e9 incluye un presupuesto y c\u00f3mo comparar dos ofertas"},"content":{"rendered":"<h2>Quick response<\/h2>\n<p>En Espa\u00f1a, la formaci\u00f3n de idiomas para empresas se mueve entre <strong>30 y 50 \u20ac por hora de clase<\/strong>, con el online algo por debajo del presencial. Ojo con el criterio: esa tarifa es por clase, no por persona. Una clase de 40 \u20ac con cinco participantes sale a 8 \u20ac por persona y hora, que es la cifra que de verdad se puede comparar entre dos ofertas. Por debajo de unos 25 \u20ac la hora conviene preguntar qu\u00e9 se est\u00e1 recortando. La comparaci\u00f3n \u00fatil es el <strong>coste por persona formada al mes, con todo incluido<\/strong>: nivelaci\u00f3n inicial, materiales, informes de seguimiento y sustituciones de profesor. Y a esa cifra hay que restarle la parte que vuelve v\u00eda <a href=\"https:\/\/bright.es\/en\/formacion-bonificada-fundae\/\">cr\u00e9dito de formaci\u00f3n de FUNDAE<\/a>, que para muchas empresas cubre una porci\u00f3n significativa del programa y <strong>caduca el 31 de diciembre de cada a\u00f1o<\/strong>.<\/p>\n<h2>Por qu\u00e9 es tan dif\u00edcil encontrar precios<\/h2>\n<p>Si has buscado cu\u00e1nto cuesta formar en ingl\u00e9s a tu equipo, te habr\u00e1s encontrado con la misma respuesta en casi todas las webs del sector: \u00abdepende\u00bb. Y es verdad que depende. Pero eso no ayuda a nadie que tenga que defender una partida presupuestaria la semana que viene.<\/p>\n<p>La raz\u00f3n de fondo es que la formaci\u00f3n de idiomas no es un producto, es un servicio con muchas variables: cu\u00e1ntas personas, en qu\u00e9 formato, con qu\u00e9 frecuencia, dentro o fuera del horario laboral, con qu\u00e9 nivel de personalizaci\u00f3n y con cu\u00e1nto seguimiento. Dos empresas con la misma plantilla pueden acabar con presupuestos que se diferencian en un factor de tres, y ambos ser razonables.<\/p>\n<p>Lo que s\u00ed se puede hacer es explicar <strong>c\u00f3mo se construyen esos precios<\/strong>, para que puedas leer cualquier oferta que te llegue y saber exactamente qu\u00e9 est\u00e1s comprando.<\/p>\n<h2>Los cuatro modelos de precio que vas a encontrarte<\/h2>\n<h3>1. Por hora de clase<\/h3>\n<p>El m\u00e1s com\u00fan y el m\u00e1s f\u00e1cil de entender. Se paga una tarifa por cada hora que el profesor imparte, independientemente de cu\u00e1ntas personas haya en la sala.<\/p>\n<p><strong>Referencia de mercado:<\/strong> entre 30 y 50 \u20ac por hora de clase, con el online algo por debajo del presencial. Por debajo de unos 25 \u20ac la hora hay que preguntar qu\u00e9 se est\u00e1 recortando: si alguien os ofrece clases a 6 \u20ac la hora, detr\u00e1s no hay un profesor con experiencia corporativa, hay una plataforma, un grupo de doce personas, o las dos cosas.<\/p>\n<p><strong>A qui\u00e9n le conviene:<\/strong> a grupos peque\u00f1os y estables. Si tienes cinco personas en una clase de 40 \u20ac\/hora, est\u00e1s pagando 8 \u20ac por persona y hora, que es muy competitivo.<\/p>\n<p><strong>La pregunta que hay que hacer:<\/strong> \u00bfqu\u00e9 pasa si un d\u00eda solo aparecen dos personas? \u00bfY si no aparece nadie? En la mayor\u00eda de contratos por hora, la clase se cobra igual. Conviene saberlo antes, no en la factura del tercer mes.<\/p>\n<h3>2. Por grupo cerrado<\/h3>\n<p>Se paga un precio por grupo y periodo \u2014normalmente por trimestre o por curso\u2014 con un n\u00famero m\u00e1ximo de participantes.<\/p>\n<p><strong>A qui\u00e9n le conviene:<\/strong> a empresas que quieren previsibilidad presupuestaria y tienen grupos definidos desde el principio.<\/p>\n<p><strong>La pregunta que hay que hacer:<\/strong> \u00bfcu\u00e1l es el m\u00ednimo y el m\u00e1ximo de personas por grupo? Un grupo de \u00abhasta doce\u00bb a un precio atractivo suele significar clases de doce personas, y en una clase de idiomas de doce personas hay gente que no habla nunca. Por encima de cinco o seis participantes, el tiempo de pr\u00e1ctica real por persona cae en picado.<\/p>\n<h3>3. Por licencia y usuario<\/h3>\n<p>El modelo de las plataformas. Se paga una cuota mensual o anual por cada persona con acceso, normalmente con una bolsa de clases o de conversaci\u00f3n incluida.<\/p>\n<p><strong>A qui\u00e9n le conviene:<\/strong> a empresas grandes que necesitan dar cobertura a mucha gente con un coste unitario bajo, y que asumen que una parte no lo usar\u00e1.<\/p>\n<p><strong>La pregunta que hay que hacer:<\/strong> \u00bfla licencia incluye clases con un profesor real, y cu\u00e1ntas? Es la diferencia entre un programa de formaci\u00f3n y una suscripci\u00f3n a una aplicaci\u00f3n. Y la segunda pregunta, m\u00e1s inc\u00f3moda: <strong>\u00bfcu\u00e1l es vuestra tasa de uso real?<\/strong> Si el proveedor no la tiene medida, o no la quiere dar, esa es la respuesta.<\/p>\n<h3>4. Por programa cerrado<\/h3>\n<p>Se paga un precio global por un programa completo, con objetivos, duraci\u00f3n y entregables definidos: nivelaci\u00f3n, plan por persona o por perfil, clases, seguimiento e informes.<\/p>\n<p><strong>A qui\u00e9n le conviene:<\/strong> a empresas que quieren resultados medibles y no solo horas impartidas, y que necesitan poder justificar la inversi\u00f3n ante direcci\u00f3n.<\/p>\n<p><strong>La pregunta que hay que hacer:<\/strong> \u00bfqu\u00e9 incluye exactamente y qu\u00e9 pasa si el grupo avanza m\u00e1s despacio de lo previsto?<\/p>\n<h3>Los cuatro modelos, uno al lado del otro<\/h3>\n<figure class=\"wp-block-table\">\n<table>\n<thead>\n<tr>\n<th>Modelo<\/th>\n<th>Referencia de mercado<\/th>\n<th>A qui\u00e9n le conviene<\/th>\n<th>La pregunta que hay que hacer<\/th>\n<\/tr>\n<\/thead>\n<tbody>\n<tr>\n<td><strong>Por hora de clase<\/strong><\/td>\n<td>30\u201350 \u20ac\/h de clase \u00b7 el online algo por debajo<\/td>\n<td>Grupos peque\u00f1os y estables<\/td>\n<td>\u00bfQu\u00e9 pasa si un d\u00eda solo aparecen dos personas?<\/td>\n<\/tr>\n<tr>\n<td><strong>Por grupo cerrado<\/strong><\/td>\n<td>Precio por trimestre o curso, con m\u00e1ximo de participantes<\/td>\n<td>Quien necesita previsibilidad presupuestaria<\/td>\n<td>\u00bfCu\u00e1l es el m\u00ednimo y el m\u00e1ximo por grupo?<\/td>\n<\/tr>\n<tr>\n<td><strong>Por licencia y usuario<\/strong><\/td>\n<td>Cuota mensual o anual por persona con acceso<\/td>\n<td>Plantillas grandes con coste unitario bajo<\/td>\n<td>\u00bfIncluye clases con profesor? \u00bfCu\u00e1l es la tasa de uso real?<\/td>\n<\/tr>\n<tr>\n<td><strong>Por programa cerrado<\/strong><\/td>\n<td>Precio global por programa con objetivos y entregables<\/td>\n<td>Quien necesita justificar la inversi\u00f3n ante direcci\u00f3n<\/td>\n<td>\u00bfLa nivelaci\u00f3n inicial va dentro del precio?<\/td>\n<\/tr>\n<\/tbody>\n<\/table><figcaption class=\"wp-element-caption\">Los cuatro modelos de precio de la formaci\u00f3n de idiomas para empresas en Espa\u00f1a, con la pregunta que desmonta cada uno.<\/figcaption><\/figure>\n<p><strong>La cifra que de verdad compara dos ofertas<\/strong> no es la tarifa por hora, sino lo que sale por persona y hora. Una oferta de 35 \u20ac la hora para un grupo de cuatro cuesta 8,75 \u20ac por persona y hora. Otra de 42 \u20ac la hora para un grupo de siete cuesta 6,00 \u20ac. La segunda es un 20 % m\u00e1s cara en la tarifa y un 31 % m\u00e1s barata en lo que importa.<\/p>\n<figure class=\"wp-block-image size-large\"><img fetchpriority=\"high\" decoding=\"async\" width=\"2400\" height=\"1260\" src=\"https:\/\/bright.es\/wp-content\/uploads\/2026\/08\/coste-por-persona-y-hora-formacion-idiomas-empresas.png\" alt=\"Tabla comparativa: una oferta de 35 \u20ac por hora con 4 personas sale a 8,75 \u20ac por persona y hora; otra de 42 \u20ac por hora con 7 personas sale a 6,00 \u20ac.\" class=\"wp-image-1462\" srcset=\"https:\/\/bright.es\/wp-content\/uploads\/2026\/08\/coste-por-persona-y-hora-formacion-idiomas-empresas.png 2400w, https:\/\/bright.es\/wp-content\/uploads\/2026\/08\/coste-por-persona-y-hora-formacion-idiomas-empresas-300x158.png 300w, https:\/\/bright.es\/wp-content\/uploads\/2026\/08\/coste-por-persona-y-hora-formacion-idiomas-empresas-1024x538.png 1024w, https:\/\/bright.es\/wp-content\/uploads\/2026\/08\/coste-por-persona-y-hora-formacion-idiomas-empresas-768x403.png 768w, https:\/\/bright.es\/wp-content\/uploads\/2026\/08\/coste-por-persona-y-hora-formacion-idiomas-empresas-1536x806.png 1536w, https:\/\/bright.es\/wp-content\/uploads\/2026\/08\/coste-por-persona-y-hora-formacion-idiomas-empresas-2048x1075.png 2048w, https:\/\/bright.es\/wp-content\/uploads\/2026\/08\/coste-por-persona-y-hora-formacion-idiomas-empresas-18x9.png 18w\" sizes=\"(max-width: 2400px) 100vw, 2400px\" \/><figcaption class=\"wp-element-caption\">La tarifa por hora es por clase, no por persona: para comparar dos presupuestos hay que dividirla entre el n\u00famero de participantes del grupo.<\/figcaption><\/figure>\n<h2>Lo que casi nunca est\u00e1 en el presupuesto inicial<\/h2>\n<p>Aqu\u00ed es donde dos ofertas que parec\u00edan iguales dejan de serlo. Estas cinco partidas aparecen en unos presupuestos y en otros no, y ninguna es opcional en la pr\u00e1ctica:<\/p>\n<p><strong>La nivelaci\u00f3n inicial.<\/strong> Alguien tiene que evaluar a cada persona antes de empezar para formar grupos que funcionen. Si no se hace, se hacen grupos por departamento o por horario, y eso es la principal causa de que un programa se caiga en el mes tres. Pregunta si est\u00e1 incluida y en qu\u00e9 consiste: un test autom\u00e1tico de gram\u00e1tica no es una nivelaci\u00f3n.<\/p>\n<p><strong>Los materiales.<\/strong> Libros, licencias de plataforma, recursos. Puede ser un coste por persona nada despreciable a lo largo de un curso.<\/p>\n<p><strong>Los informes de seguimiento.<\/strong> Si tienes que justificar la inversi\u00f3n, necesitas datos: asistencia, progreso, participaci\u00f3n. Algunos proveedores lo incluyen, otros lo cobran aparte y otros directamente no lo hacen.<\/p>\n<p><strong>Las sustituciones.<\/strong> Un profesor se pone enfermo, se va o cambia de ciudad. \u00bfSe recupera la clase? \u00bfViene un sustituto? \u00bfQui\u00e9n lo paga? La continuidad del profesor es una de las variables que m\u00e1s pesa en el resultado final de un programa, y casi nunca se pregunta al contratar.<\/p>\n<p><strong>La gesti\u00f3n de FUNDAE.<\/strong> Si vais a bonificar, alguien tiene que ocuparse del papeleo. Conviene saber qui\u00e9n.<\/p>\n<h2>C\u00f3mo comparar dos presupuestos: una sola cifra<\/h2>\n<p>Olvida el precio por hora. La cifra que permite poner dos ofertas una al lado de la otra es esta:<\/p>\n<blockquote>\n<p><strong>Coste total del programa \u00f7 n\u00famero de personas que se van a formar \u00f7 meses de duraci\u00f3n<\/strong><\/p>\n<\/blockquote>\n<p>Es decir, <strong>cu\u00e1nto te cuesta al mes cada persona formada, con absolutamente todo incluido<\/strong>. Nivelaci\u00f3n, materiales, informes, sustituciones y gesti\u00f3n.<\/p>\n<p>Ese n\u00famero es comparable, se entiende en un comit\u00e9 y aguanta la pregunta del director financiero. El precio por hora no: puede ser baj\u00edsimo y esconder grupos de doce personas sin nivelar, sin seguimiento y con rotaci\u00f3n de profesor cada trimestre.<\/p>\n<p>Y hay una segunda cifra que conviene calcular, aunque nadie la pida: <strong>el coste por persona que termina el programa<\/strong>. Si de veinte personas que empiezan llegan doce a junio, el coste real por persona formada es casi el doble del que aparece en el presupuesto. Por eso merece la pena preguntar a cualquier proveedor cu\u00e1l es su tasa de asistencia media. Si no la sabe, es que no la mide.<\/p>\n<h2>Cu\u00e1nto vuelve: la bonificaci\u00f3n de FUNDAE<\/h2>\n<p>Toda empresa con trabajadores en n\u00f3mina en Espa\u00f1a cotiza cada mes por formaci\u00f3n profesional \u2014un 0,70 % de la base de contingencias comunes, aportado entre empresa y trabajador\u2014. Ese dinero se convierte en un <strong>cr\u00e9dito anual de formaci\u00f3n<\/strong> gestionado por FUNDAE que puede usarse para formar a la plantilla. Y la formaci\u00f3n de idiomas entra dentro de lo bonificable.<\/p>\n<p>El cr\u00e9dito se calcula sobre lo cotizado el a\u00f1o anterior, aplicando un porcentaje que depende del tama\u00f1o de la plantilla:<\/p>\n<figure class=\"wp-block-table\">\n<table>\n<thead>\n<tr>\n<th>Plantilla<\/th>\n<th>% del cr\u00e9dito bonificable<\/th>\n<th>Cofinanciaci\u00f3n privada exigida<\/th>\n<\/tr>\n<\/thead>\n<tbody>\n<tr>\n<td>1 a 5 trabajadores<\/td>\n<td>100 %<\/td>\n<td>0 %<\/td>\n<\/tr>\n<tr>\n<td>6 a 9 trabajadores<\/td>\n<td>100 %<\/td>\n<td>5 %<\/td>\n<\/tr>\n<tr>\n<td>10 a 49 trabajadores<\/td>\n<td>75 %<\/td>\n<td>10 %<\/td>\n<\/tr>\n<tr>\n<td>50 a 249 trabajadores<\/td>\n<td>60 %<\/td>\n<td>20 %<\/td>\n<\/tr>\n<tr>\n<td>250 o m\u00e1s<\/td>\n<td>50 %<\/td>\n<td>40 %<\/td>\n<\/tr>\n<\/tbody>\n<\/table>\n<\/figure>\n<p>Las empresas m\u00e1s peque\u00f1as tienen adem\u00e1s un <strong>cr\u00e9dito m\u00ednimo garantizado de 420 \u20ac al a\u00f1o<\/strong>, aunque lo cotizado haya sido inferior. Suele ser el dato que m\u00e1s sorprende a una empresa de seis personas que daba por hecho que esto no iba con ella.<\/p>\n<p>Hay dos l\u00edmites que conviene tener en la cabeza antes de hacer cuentas. El primero: la bonificaci\u00f3n no cubre cualquier importe por hora, sino hasta un <strong>m\u00f3dulo m\u00e1ximo por participante y hora<\/strong> \u2014en formaci\u00f3n bonificada, del orden de 13 \u20ac en presencial y 7,50 \u20ac en teleformaci\u00f3n\u2014, as\u00ed que la parte de la tarifa que exceda ese m\u00f3dulo no se bonifica. El segundo, y el m\u00e1s importante en septiembre: <strong>el cr\u00e9dito caduca el 31 de diciembre<\/strong>. No se acumula para el a\u00f1o siguiente, salvo el caso particular de empresas de menos de 50 trabajadores que soliciten reserva de cr\u00e9dito antes del 30 de junio.<\/p>\n<p>Por eso el \u00faltimo trimestre es el momento en que muchas empresas descubren que tienen cr\u00e9dito sin gastar. Y por eso, si est\u00e1is valorando un programa para este curso, merece la pena hacer el c\u00e1lculo ahora y no en noviembre.<\/p>\n<p><strong>Una advertencia honesta:<\/strong> la bonificaci\u00f3n no convierte la formaci\u00f3n en gratis. Reduce el coste neto, a veces mucho, pero tiene l\u00edmites, requisitos de ejecuci\u00f3n y obligaciones de documentaci\u00f3n. Cualquiera que os prometa \u00abformaci\u00f3n gratis con FUNDAE\u00bb sin matizar nada os est\u00e1 simplificando algo que no es simple.<\/p>\n<h2>Cu\u00e1ndo lo barato sale caro<\/h2>\n<p>Un programa de idiomas mal dimensionado no falla de golpe. Falla despacio, y casi siempre igual: empieza con veinte personas motivadas, se forma un grupo demasiado grande y demasiado heterog\u00e9neo, los de nivel m\u00e1s bajo dejan de hablar en la segunda sesi\u00f3n, la asistencia empieza a caer en el mes dos, y en el mes cinco quedan seis personas y la sensaci\u00f3n general de que \u00ablos idiomas no funcionan aqu\u00ed\u00bb.<\/p>\n<p>Lo que se ha perdido no es solo el dinero del programa. Es el a\u00f1o de formaci\u00f3n, la credibilidad de RR. HH. ante direcci\u00f3n para pedirlo otra vez, y la confianza del equipo en que esto sirve para algo.<\/p>\n<p>La diferencia de precio entre un programa bien dimensionado y uno mal dimensionado suele ser mucho menor de lo que la gente espera. La diferencia de resultado, no.<\/p>\n<h2>C\u00f3mo lo planteamos en Bright<\/h2>\n<p>Trabajamos <a href=\"https:\/\/bright.es\/en\/formacion-para-empresas\/\">por programa, no por hora suelta<\/a>, porque es el \u00fanico formato que permite comprometerse con un resultado y no solo con impartir clases.<\/p>\n<p>Empezamos al rev\u00e9s de lo habitual: antes de la primera clase preguntamos en qu\u00e9 situaciones concretas se les atraganta el idioma a las personas que van a formarse \u2014reuniones, llamadas, correos, presentaciones, negociaci\u00f3n con proveedores\u2014 y el programa se construye sobre eso. Los grupos se forman por nivel real y son peque\u00f1os. El profesor es el mismo durante todo el programa. Y el progreso se mide sobre esas situaciones, no sobre una escala de niveles.<\/p>\n<p>Los programas son online, que es el formato en el que trabajamos ahora mismo. Y sobre FUNDAE, nos ocupamos de la gesti\u00f3n completa de la bonificaci\u00f3n: alta en la aplicaci\u00f3n, comunicaciones de inicio y fin, y la documentaci\u00f3n justificativa. Un detalle que casi nadie menciona: el coste de esa gesti\u00f3n tambi\u00e9n es bonificable, as\u00ed que no se os va en administraci\u00f3n parte del cr\u00e9dito.<\/p>\n<p>Si quer\u00e9is una cifra concreta para vuestro caso, <a href=\"https:\/\/bright.es\/en\/contacto\/\">contadnos a cu\u00e1ntas personas quer\u00e9is formar y en qu\u00e9 plazo<\/a> y os enviamos una propuesta orientativa en menos de 24 horas laborables, con el c\u00e1lculo aproximado de lo que podr\u00edais bonificar.<\/p>\n<h2>Preguntas frecuentes<\/h2>\n<h3>\u00bfCu\u00e1nto cuesta formar en ingl\u00e9s a un equipo de veinte personas?<\/h3>\n<p>Depende sobre todo de c\u00f3mo se agrupen. Veinte personas bien niveladas suelen dar cuatro grupos de cinco. Con dos sesiones semanales de hora y media y tarifas de mercado, el orden de magnitud est\u00e1 entre 1.200 y 2.500 \u20ac al mes para el conjunto, antes de aplicar la bonificaci\u00f3n de FUNDAE. La horquilla es amplia porque depende de la modalidad, del formato y de cu\u00e1nto seguimiento incluya.<\/p>\n<h3>\u00bfSale m\u00e1s barato online que presencial?<\/h3>\n<p>S\u00ed, normalmente entre un 30 % y un 40 % menos, porque desaparece el desplazamiento del profesor. Lo que no cambia es la exigencia de dise\u00f1o: una clase online mal montada fracasa igual que una presencial mal montada, solo que es m\u00e1s f\u00e1cil desaparecer de una pantalla.<\/p>\n<h3>\u00bfEs m\u00e1s rentable pagar por licencia de plataforma?<\/h3>\n<p>Por coste unitario, casi siempre s\u00ed. Por coste por persona que realmente progresa, casi nunca, salvo que la licencia incluya clases con profesor y haya alguien haciendo seguimiento. La pregunta decisiva es cu\u00e1l es la tasa de uso real a los seis meses.<\/p>\n<h3>\u00bfLa formaci\u00f3n de idiomas es bonificable por FUNDAE?<\/h3>\n<p>S\u00ed. No es una excepci\u00f3n ni un caso raro: entra dentro de lo que cubre el cr\u00e9dito de formaci\u00f3n, siempre que el programa cumpla los requisitos de ejecuci\u00f3n y documentaci\u00f3n.<\/p>\n<h3>\u00bfCu\u00e1nto cr\u00e9dito de FUNDAE tiene mi empresa?<\/h3>\n<p>Se calcula sobre lo cotizado por formaci\u00f3n profesional el a\u00f1o anterior, aplicando el porcentaje que corresponde al tama\u00f1o de la plantilla. Las empresas de menos de seis trabajadores tienen un m\u00ednimo garantizado de 420 \u20ac al a\u00f1o.<\/p>\n<h3>\u00bfQu\u00e9 pasa si no uso el cr\u00e9dito?<\/h3>\n<p>Se pierde el 31 de diciembre. No se acumula al a\u00f1o siguiente, salvo que una empresa de menos de 50 trabajadores solicite reserva de cr\u00e9dito antes del 30 de junio.<\/p>\n<h3>\u00bfCu\u00e1nto dura un programa para que se note?<\/h3>\n<p>Con dos sesiones semanales, los primeros cambios claros en situaciones concretas de trabajo aparecen entre el tercer y el cuarto mes. Un salto de nivel completo lleva bastante m\u00e1s. Cualquiera que prometa resultados visibles en seis semanas est\u00e1 vendiendo otra cosa.<\/p>\n<h3>\u00bfQu\u00e9 deber\u00eda incluir un presupuesto bien hecho?<\/h3>\n<p>Nivelaci\u00f3n inicial, formaci\u00f3n de grupos por nivel real, n\u00famero de sesiones y duraci\u00f3n, identificaci\u00f3n del profesor y qu\u00e9 ocurre si cambia, materiales, informes de seguimiento con periodicidad, y el tratamiento de la gesti\u00f3n de FUNDAE.<\/p>\n<h2>En resumen<\/h2>\n<p>El precio por hora es el dato m\u00e1s visible y el menos \u00fatil. Lo que permite comparar dos ofertas es el <strong>coste por persona formada al mes con todo incluido<\/strong>, y lo que permite saber si ese coste ha valido la pena es cu\u00e1nta gente sigue en el programa en junio.<\/p>\n<p>Antes de firmar nada, pide a cada proveedor tres cosas por escrito: qu\u00e9 incluye exactamente el precio, qui\u00e9n da la clase y qu\u00e9 pasa si se va, y cu\u00e1l es su tasa de asistencia media. Las tres respuestas juntas te dir\u00e1n m\u00e1s que cualquier tarifa.<\/p>\n<p>Y si vais a hacerlo este curso, mirad vuestro cr\u00e9dito de FUNDAE antes de diciembre. Es dinero que ya hab\u00e9is pagado.<\/p>\n<p><em>Si est\u00e1is comparando proveedores, tambi\u00e9n os puede servir nuestra gu\u00eda sobre <a href=\"https:\/\/bright.es\/en\/formacion-idiomas-empresas-como-elegir\/\">c\u00f3mo elegir proveedor de formaci\u00f3n de idiomas para empresas<\/a>.<\/em><\/p>","protected":false},"excerpt":{"rendered":"<p>Precios reales de la formaci\u00f3n de idiomas para empresas en Espa\u00f1a: los cuatro modelos de tarifa, qu\u00e9 se queda fuera del presupuesto y cu\u00e1nto pod\u00e9is bonificar con FUNDAE.<\/p>","protected":false},"author":4,"featured_media":1487,"comment_status":"closed","ping_status":"closed","sticky":false,"template":"","format":"standard","meta":{"site-sidebar-layout":"default","site-content-layout":"","ast-site-content-layout":"full-width-container","site-content-style":"default","site-sidebar-style":"default","ast-global-header-display":"","ast-banner-title-visibility":"","ast-main-header-display":"","ast-hfb-above-header-display":"","ast-hfb-below-header-display":"","ast-hfb-mobile-header-display":"","site-post-title":"","ast-breadcrumbs-content":"","ast-featured-img":"","footer-sml-layout":"","ast-disable-related-posts":"","theme-transparent-header-meta":"","adv-header-id-meta":"","stick-header-meta":"","header-above-stick-meta":"","header-main-stick-meta":"","header-below-stick-meta":"","astra-migrate-meta-layouts":"default","ast-page-background-enabled":"default","ast-page-background-meta":{"desktop":{"background-color":"var(--ast-global-color-5)","background-image":"","background-repeat":"repeat","background-position":"center center","background-size":"auto","background-attachment":"scroll","background-type":"","background-media":"","overlay-type":"","overlay-color":"","overlay-opacity":"","overlay-gradient":""},"tablet":{"background-color":"","background-image":"","background-repeat":"repeat","background-position":"center center","background-size":"auto","background-attachment":"scroll","background-type":"","background-media":"","overlay-type":"","overlay-color":"","overlay-opacity":"","overlay-gradient":""},"mobile":{"background-color":"","background-image":"","background-repeat":"repeat","background-position":"center center","background-size":"auto","background-attachment":"scroll","background-type":"","background-media":"","overlay-type":"","overlay-color":"","overlay-opacity":"","overlay-gradient":""}},"ast-content-background-meta":{"desktop":{"background-color":"var(--ast-global-color-4)","background-image":"","background-repeat":"repeat","background-position":"center center","background-size":"auto","background-attachment":"scroll","background-type":"","background-media":"","overlay-type":"","overlay-color":"","overlay-opacity":"","overlay-gradient":""},"tablet":{"background-color":"var(--ast-global-color-4)","background-image":"","background-repeat":"repeat","background-position":"center center","background-size":"auto","background-attachment":"scroll","background-type":"","background-media":"","overlay-type":"","overlay-color":"","overlay-opacity":"","overlay-gradient":""},"mobile":{"background-color":"var(--ast-global-color-4)","background-image":"","background-repeat":"repeat","background-position":"center center","background-size":"auto","background-attachment":"scroll","background-type":"","background-media":"","overlay-type":"","overlay-color":"","overlay-opacity":"","overlay-gradient":""}},"footnotes":""},"categories":[1],"tags":[],"class_list":["post-1454","post","type-post","status-publish","format-standard","has-post-thumbnail","hentry","category-sin-categoria"],"_links":{"self":[{"href":"https:\/\/bright.es\/en\/wp-json\/wp\/v2\/posts\/1454","targetHints":{"allow":["GET"]}}],"collection":[{"href":"https:\/\/bright.es\/en\/wp-json\/wp\/v2\/posts"}],"about":[{"href":"https:\/\/bright.es\/en\/wp-json\/wp\/v2\/types\/post"}],"author":[{"embeddable":true,"href":"https:\/\/bright.es\/en\/wp-json\/wp\/v2\/users\/4"}],"replies":[{"embeddable":true,"href":"https:\/\/bright.es\/en\/wp-json\/wp\/v2\/comments?post=1454"}],"version-history":[{"count":4,"href":"https:\/\/bright.es\/en\/wp-json\/wp\/v2\/posts\/1454\/revisions"}],"predecessor-version":[{"id":1463,"href":"https:\/\/bright.es\/en\/wp-json\/wp\/v2\/posts\/1454\/revisions\/1463"}],"wp:featuredmedia":[{"embeddable":true,"href":"https:\/\/bright.es\/en\/wp-json\/wp\/v2\/media\/1487"}],"wp:attachment":[{"href":"https:\/\/bright.es\/en\/wp-json\/wp\/v2\/media?parent=1454"}],"wp:term":[{"taxonomy":"category","embeddable":true,"href":"https:\/\/bright.es\/en\/wp-json\/wp\/v2\/categories?post=1454"},{"taxonomy":"post_tag","embeddable":true,"href":"https:\/\/bright.es\/en\/wp-json\/wp\/v2\/tags?post=1454"}],"curies":[{"name":"wp","href":"https:\/\/api.w.org\/{rel}","templated":true}]}}